{"id":200,"date":"2020-01-14T09:53:13","date_gmt":"2020-01-14T09:53:13","guid":{"rendered":"https:\/\/hp-gertraud-schmid.de\/informationen\/?p=200"},"modified":"2020-01-15T12:07:02","modified_gmt":"2020-01-15T12:07:02","slug":"ueber-mich","status":"publish","type":"post","link":"https:\/\/www.hp-gertraud-schmid.de\/informationen\/ueber-mich\/","title":{"rendered":"Berufst\u00e4tigkeit und Engagement"},"content":{"rendered":"\n<div class=\"wp-block-group\"><div class=\"wp-block-group__inner-container is-layout-flow wp-block-group-is-layout-flow\">\n<p><!--more--><\/p>\n<p>\u00a0<\/p>\n\n\n\n<p><strong>Selbstst\u00e4ndige Heilpraktikerin<\/strong> <\/p>\n\n\n\n<div class=\"wp-block-group\"><div class=\"wp-block-group__inner-container is-layout-flow wp-block-group-is-layout-flow\">\n<p>Vortragst\u00e4tigkeit; Autorin; Honorararbeit <\/p>\n\n\n\n<p>Zweite Vorsitzende des Arbeitskreis f\u00fcr Augendiagnose und Ph\u00e4nomenologie Josef Angerer e.V.<\/p>\n\n\n\n<p>25 Jahre erfolgreich in medizinischen Berufen als Angestellte gearbeitet <\/p>\n\n\n\n<p>Kontinuierliche Weiterbildung, hoher Anspruch, Humor, Respekt, Salutogenese sind mir wichtig<\/p>\n<\/div><\/div>\n\n\n\n<p><strong>Mitgliedschaft<\/strong><\/p>\n\n\n\n<p>Arbeitskreis f\u00fcr Augendiagnose\u2026Josef Angerer e.V., FDH, FOM, MeGeMIT<\/p>\n\n\n\n<p><strong>Engagement<\/strong>\u00a0\u00a0\u00a0\u00a0\u00a0\u00a0\u00a0\u00a0\u00a0\u00a0\u00a0\u00a0\u00a0\u00a0 <\/p>\n\n\n\n<p>Plan Kinderhilfswerk, Greenpeace, DKMS    <\/p>\n<\/div><\/div>\n\n\n\n<p><strong>Berufst\u00e4tigkeit und Ausbildung<\/strong>        <\/p>\n\n\n\n<p>ab 2019<\/p>\n\n\n\n<p>Inhaberin <strong>Praxis f\u00fcr Naturheilweisen und Diagnostik<\/strong>, Pfaffenhofen\/Ilm<\/p>\n\n\n\n<p>2012-2018<\/p>\n\n\n\n<p>Inhaberin <strong>Praxis f\u00fcr Naturheilweisen und Diagnostik<\/strong>, Friedberg\/Hessen<\/p>\n\n\n\n<p>2010 \u2013 2011 <\/p>\n\n\n\n<p>Weiterbildungen, Assistenz oder Hospitanz <br>in medizinischen Praxen <\/p>\n\n\n\n<p> 05.2010&nbsp;&nbsp;&nbsp;&nbsp;&nbsp;&nbsp;&nbsp;&nbsp;&nbsp;&nbsp;&nbsp;&nbsp;&nbsp;&nbsp;&nbsp;&nbsp;&nbsp;&nbsp;&nbsp;&nbsp; <\/p>\n\n\n\n<p><strong>Erlaubnis zur Aus\u00fcbung der Heilkunde ohne Bestallung  <\/strong><\/p>\n\n\n\n<p>2008 \u2013 2010&nbsp;&nbsp;&nbsp;&nbsp; <\/p>\n\n\n\n<p>Vollzeit-Heilpraktiker-Schule f\u00fcr Naturheilweisen <br>Josef Angerer in M\u00fcnchen<\/p>\n\n\n\n<p> 2007 \u2013 2008&nbsp;&nbsp;&nbsp;&nbsp; <\/p>\n\n\n\n<p>Vollzeit-Heilpraktiker-Schule f\u00fcr Naturheilweisen <br>Erich Ausmeier in Hochheim<\/p>\n\n\n\n<p><strong>2002 \u2013 2007&nbsp;&nbsp;&nbsp;&nbsp; <\/strong><\/p>\n\n\n\n<p><strong>Sanofi-Aventis DL GmbH, Berlin<\/strong><\/p>\n\n\n\n<p><strong>Fachreferentin Diabetologie im Au\u00dfendienst<\/strong>  <\/p>\n\n\n\n<p>Beratung von diabetologisch t\u00e4tigen \u00c4rzten<br>in Praxis und Klinik<\/p>\n\n\n\n<p>Vortr\u00e4ge vor medizinischem u. Apotheken-Personal<\/p>\n\n\n\n<p>Vortr\u00e4ge vor Selbsthilfegruppen<\/p>\n\n\n\n<p><strong>1998 \u2013 2001&nbsp;&nbsp;&nbsp;&nbsp; <\/strong><\/p>\n\n\n\n<p><strong>Bayer Vital GmbH, Abteilung Diagnostics, M\u00fcnchen<\/strong><\/p>\n\n\n\n<p>2000 \u2013 2001 <\/p>\n\n\n\n<p>Au\u00dfendienst-T\u00e4tigkeit f\u00fcr Blutzucker-Messger\u00e4te <\/p>\n\n\n\n<p>1998 \u2013 1999 <\/p>\n\n\n\n<p>Innendienst in der Abteilung Scientific Support<\/p>\n\n\n\n<p>Qualit\u00e4tssicherung, Qualit\u00e4tsmanagement, interne Audits <\/p>\n\n\n\n<p>Projektarbeit&nbsp;&nbsp; <\/p>\n\n\n\n<p><strong>1987 \u2013 1998<\/strong> &nbsp;&nbsp; <\/p>\n\n\n\n<p><strong>Wissenschaftliche Abteilung bei Dade Behring Vertriebs-GmbH<\/strong><\/p>\n\n\n\n<div class=\"wp-block-group\"><div class=\"wp-block-group__inner-container is-layout-flow wp-block-group-is-layout-flow\">\n<p>1994 \u2013 1998 <\/p>\n\n\n\n<p><strong>Referentin Regulatory Affairs<\/strong> <br>(Gesetzliche Angelegenheiten)<\/p>\n\n\n\n<p>Zulassung von in-vitro-Diagnostika beim Paul-Ehrlich-Institut<\/p>\n\n\n\n<p>Freigabe der Etikettierung aller Produkte nach deutschem Recht <\/p>\n\n\n\n<p>Implementierung der Gefahrstoffkennzeichnung<\/p>\n\n\n\n<p> Bet\u00e4ubungsmittelbeauftragte<\/p>\n\n\n\n<p>\u00dcbersetzung aus dem Englischen, ins Englische<\/p>\n\n\n\n<p>1987 \u2013 1994 <\/p>\n\n\n\n<p><strong>Blutgruppenserologie<\/strong> <strong>im Service- und Einsendelabor<\/strong><\/p>\n\n\n\n<p>Analyse und Befundung schwieriger Blutproben aus ganz Deutschland <\/p>\n\n\n\n<p>Reklamationsbearbeitung, telefonische Kundenberatung <\/p>\n\n\n\n<p>QM-Beauftragte<\/p>\n\n\n\n<p>Fortbildungskurse veranstaltet f\u00fcr <br>MTA-Labor und \u00c4rzte sowie f\u00fcr Au\u00dfendienstmitarbeiter  &nbsp;&nbsp; &nbsp;&nbsp;&nbsp;&nbsp;&nbsp;&nbsp;&nbsp;&nbsp;&nbsp;&nbsp;&nbsp;  &nbsp;&nbsp;&nbsp;&nbsp;&nbsp;&nbsp;&nbsp;&nbsp;&nbsp;&nbsp;&nbsp;&nbsp;&nbsp;&nbsp;&nbsp;&nbsp;&nbsp;&nbsp;&nbsp;&nbsp;&nbsp;&nbsp;&nbsp; <\/p>\n\n\n\n<p><strong>Co-Autorin des Arbeitsbuchs  <\/strong><br><strong>\u201eImmunh\u00e4matologische Untersuchungen\u201c<\/strong><\/p>\n\n\n\n<p><strong>Musizieren in den 1990ern<\/strong> <br><strong>Bayerische Meisterschaft der Akkordeonorchester &nbsp;&nbsp;&nbsp; &nbsp;&nbsp;&nbsp; <\/strong><\/p>\n\n\n\n<p><strong>1985 &#8211; 1987 &nbsp;<\/strong>&nbsp;&nbsp;&nbsp; <\/p>\n\n\n\n<p><strong>Klinikum rechts der Isar in M\u00fcnchen<\/strong>, <strong>1. Med. Klinik<\/strong><\/p>\n\n\n\n<p>MTA im h\u00e4matologischen Labor von Professor Rastetter<\/p>\n\n\n\n<p>1982 \u2013 1984<strong>&nbsp;&nbsp;&nbsp;&nbsp; <\/strong><\/p>\n\n\n\n<p>Kreiskrankenhaus Donauw\u00f6rth, MTA-Labor<\/p>\n\n\n\n<p>1980-1982<\/p>\n\n\n\n<p><strong>Berufsfachschule f\u00fcr MTA-Labor in Augsburg<\/strong><\/p>\n\n\n\n<p>1971 \u2013 1980<strong>&nbsp;&nbsp;<\/strong><\/p>\n\n\n\n<p><strong>Gymnasium Donauw\u00f6rth<\/strong><\/p>\n\n\n\n<p>Leistungskurse Mathematik, Biologie, <br>Abiturnote 1,8<strong>&nbsp;&nbsp;&nbsp;&nbsp;&nbsp;&nbsp;&nbsp;&nbsp;&nbsp;&nbsp;&nbsp;&nbsp; <\/strong><\/p>\n\n\n<\/div><\/div>\n\n\n","protected":false},"excerpt":{"rendered":"<p> <a href=\"https:\/\/www.hp-gertraud-schmid.de\/informationen\/ueber-mich\/\" class=\"newsmehr\">weiterlesen &raquo;<\/a><\/p>\n","protected":false},"author":1,"featured_media":0,"comment_status":"closed","ping_status":"closed","sticky":false,"template":"","format":"standard","meta":{"footnotes":""},"categories":[57],"tags":[76],"_links":{"self":[{"href":"https:\/\/www.hp-gertraud-schmid.de\/informationen\/wp-json\/wp\/v2\/posts\/200"}],"collection":[{"href":"https:\/\/www.hp-gertraud-schmid.de\/informationen\/wp-json\/wp\/v2\/posts"}],"about":[{"href":"https:\/\/www.hp-gertraud-schmid.de\/informationen\/wp-json\/wp\/v2\/types\/post"}],"author":[{"embeddable":true,"href":"https:\/\/www.hp-gertraud-schmid.de\/informationen\/wp-json\/wp\/v2\/users\/1"}],"replies":[{"embeddable":true,"href":"https:\/\/www.hp-gertraud-schmid.de\/informationen\/wp-json\/wp\/v2\/comments?post=200"}],"version-history":[{"count":63,"href":"https:\/\/www.hp-gertraud-schmid.de\/informationen\/wp-json\/wp\/v2\/posts\/200\/revisions"}],"predecessor-version":[{"id":298,"href":"https:\/\/www.hp-gertraud-schmid.de\/informationen\/wp-json\/wp\/v2\/posts\/200\/revisions\/298"}],"wp:attachment":[{"href":"https:\/\/www.hp-gertraud-schmid.de\/informationen\/wp-json\/wp\/v2\/media?parent=200"}],"wp:term":[{"taxonomy":"category","embeddable":true,"href":"https:\/\/www.hp-gertraud-schmid.de\/informationen\/wp-json\/wp\/v2\/categories?post=200"},{"taxonomy":"post_tag","embeddable":true,"href":"https:\/\/www.hp-gertraud-schmid.de\/informationen\/wp-json\/wp\/v2\/tags?post=200"}],"curies":[{"name":"wp","href":"https:\/\/api.w.org\/{rel}","templated":true}]}}