{"id":244,"date":"2020-01-14T17:18:45","date_gmt":"2020-01-14T17:18:45","guid":{"rendered":"https:\/\/hp-gertraud-schmid.de\/informationen\/?p=244"},"modified":"2020-04-20T16:32:25","modified_gmt":"2020-04-20T16:32:25","slug":"weiterbildung","status":"publish","type":"post","link":"https:\/\/www.hp-gertraud-schmid.de\/informationen\/weiterbildung\/","title":{"rendered":"Weiterbildung"},"content":{"rendered":"\n<p><!--more--><\/p>\n<p>&nbsp;<\/p>\n\n\n\n<div class=\"wp-block-group\"><div class=\"wp-block-group__inner-container is-layout-flow wp-block-group-is-layout-flow\">\n<div class=\"wp-block-group\"><div class=\"wp-block-group__inner-container is-layout-flow wp-block-group-is-layout-flow\">\n<p><strong><span style=\"color: #808000;\">N\u00e4hrstoff-Therapie<\/span><br><\/strong>Fortbildungsveranstaltungen kontinuierlich<strong><br><\/strong>Selbststudium kontinuierlich <br>&nbsp; &#8211;&nbsp; Periodica, B\u00fccher, e-learning <br><strong><em>Periodica<\/em><\/strong><br><em>Zeitschrift f\u00fcr orthomolekulare Medizin, Thieme-Verlag<\/em><br><em>Ern\u00e4hrung und Medizin, Thieme Verlag<\/em><br><em>Naturheilkunde Journal<\/em><br><em><strong>B\u00fccher<\/strong><br>Uwe Gr\u00f6ber, Nicolai Worm, Ulrike Gonder, Hans-Konrad Biesalski, Lothar Burgerstein und andere<br><strong>elektronisch<\/strong><br>AMM (Akademie f\u00fcr menschliche Medizin), FOM-newsletter und andere<br><\/em>Mitglied des Forum Orthomolekularmedizin FOM<br>Seminare Uwe Gr\u00f6ber<em><br><\/em><strong>Basis-Ausbildung<\/strong><br>Forum Orthomolekularmedizin 2013 Zertifikat<br>Heilpraktikerschule Klaus Jung 2012 Zertifikat<\/p>\n<p><strong><span style=\"color: #808000;\">Traditionelle Naturheilweisen<\/span><br><\/strong>Selbststudium kontinuierlich<br>&nbsp; &#8211;&nbsp; Periodica, B\u00fccher, e-learning<strong><br><em>Periodica<\/em><\/strong> <br><em>Der Heilpraktiker, Naturheilpraxis u.a.<br><strong>B\u00fccher<\/strong><br>Dr. Abele, Dr. Gleditsch, Dr. Schmiedel und andere Natur\u00e4rzte, <br>HP Josef Karl, HP Werner Hemm, HP Oliver Ploss und andere<br><strong>Augendiagnostik<\/strong>-Literatur<br>HP Joachim Broy, HP Werner Hemm, HP Hermann Biechele, HP Josef Deck, Fr. Magdalena Madaus, Fr. Eva Flink<\/em><br><strong>Veranstaltungen<\/strong><br>Fachtagungen des Fachverband Deutscher Heilpraktiker FDH<br>Fachtagungen, Fortbildungen des Arbeitskreis f\u00fcr Augendiagnose<br>Hospitation bei verschiedenen Heilpraktikern<br>Hospitation bei verschiedenen Privat\u00e4rzten<br><strong>Basis-Ausbildung<br><\/strong>Unterricht der Josef-Angerer-Schule<br><br><em><strong>Sch\u00fc\u00dfler-Funktionsmineralien<\/strong><br><strong>B\u00fccher<\/strong><\/em><br><em>Dr. Wilhelm Sch\u00fc\u00dfler, HP Joachim Broy, HP Werner Hemm, HP Stefan Mair<\/em><br><strong>Veranstaltungen<\/strong><br>Arbeitskreis f\u00fcr angewandte Biochemie ABC <br>Dozentin des ABC von 2012 bis 2016<br><strong>Basis-Ausbildung<\/strong><br>Unterricht der Erich Ausmeier Schule, Hochheim<\/p>\n<p><em><strong>Hom\u00f6opathie klassisch und Komplexhom\u00f6opathie<\/strong><br><strong>B\u00fccher <\/strong><br>Materiae medicae der namhaften Hom\u00f6opathen<br>&#8222;Hom\u00f6opathik&#8220; von Gerhard Risch, Synthesis<br><\/em>1 Jahr Weiterbildung in 2012 bei der DGMH in Darmstadt<br>DGMH= Dt. Gesellschaft f\u00fcr miasmatische Hom\u00f6opathie<br>kein Zertifikat in klassischer Hom\u00f6opathie <br><strong>Basis-Ausbildung<\/strong><br>Unterricht der Josef-Angerer-Schule<\/p>\n<p><em><strong>Isopathie<br>B\u00fccher und Artikel<\/strong><br>&nbsp;&#8211; Franziska R\u00f6mmler, Hartmut Vogel und andere <br>&nbsp;&#8211; der Mercurstab<br><\/em>&nbsp;&#8211; <em>Kompendien von Herstellerfirmen<br><\/em><strong>Veranstaltungen<\/strong><br>Seminare und Vortr\u00e4ge \u00fcber Organpr\u00e4parate <br>&#8222;Bio-identische Hormon-Therapie&#8220; siehe unten<br>&#8222;Mikroimmun-Therapie&#8220; siehe unten<\/p>\n<p><em><strong>Heilen mit Pflanzen<\/strong><\/em><br><strong><em>B\u00fccher<\/em><\/strong><br><em>Ursel B\u00fchring, Roger Kalbermatten<br>Kompendien von Herstellerfirmen<br><\/em><strong>Veranstaltungen<br><\/strong>diverse Vortr\u00e4ge bei Fachtagungen <br>Alcea Ceres Seminare<br><strong>Basis-Ausbildung <br><\/strong>Unterricht FDH-Schulen in M\u00fcnchen und Hochheim<br><br><em><strong>Injektion und Infusion<\/strong><\/em><br>Notfall-Training regelm\u00e4\u00dfig<br>Injektionstraining bei HP Thust<br>Hom\u00f6osiniatrie Seminar FDH Schule Hochheim<br>Qualifizierende Weiterbildung Neuraltherapie 2009<br><strong>Basis-Ausbildung<\/strong><br>Unterricht Josef-Angerer-Schule<\/p>\n<p><em><strong>Akupunktur und Akupressur<\/strong><\/em><br><strong><em>B\u00fccher<\/em><\/strong><br><em>Jan Seeber (Inhaber des YASE Instituts), Giovanni Maciocia<br>Seminarunterlagen HP Tina Hausser<br><\/em><strong>Veranstaltungen<\/strong><em><br><\/em>Seminar YASE Ohrakupunktur Orthop\u00e4die<br>Seminar YASE Ohrakupunktur Psychosomatik<br>Seminar YASE Psychosomatik Selbsterfahrung<br><strong>Basis-Ausbildung<\/strong><br>Unterricht Josef-Angerer-Schule<\/p>\n<p><strong><span style=\"color: #808000;\">Bio-identische Hormon-Therapie<\/span><br><\/strong>ist eine Form der Isopathie<br><strong><em>B\u00fccher <\/em><\/strong><br><em>Dr. Annelie Scheuernstuhl, Dr. John Lee<br>Seminarunterlagen Marie Greiff<br><\/em><strong>Veranstaltungen<\/strong><em><br><\/em>Supervision <em><br><\/em>Seminar Refresher bei Marie Greiff<br><strong>Basis-Ausbildung<\/strong><br>Seminarreihe bei Marie Greiff<br>Ganzimmun-Seminare<br>Biovis-Seminare<\/p>\n<p><span style=\"color: #808000;\"><strong>Mikroimmun-Therapie nach MeGeMIT<\/strong> <\/span>=<br>Medizinische Gesellschaft f\u00fcr Mikroimmun-Therapie<br>ist eine Form der Isopathie<br><strong><em>B\u00fccher<\/em><\/strong><br><em>Corinne Heintz<\/em><br><em>Seminarunterlagen der MeGeMIT<br><strong>Periodicum<\/strong><br>FOKUS Miktroimmuntherapie&nbsp; <\/em><br><strong><em>elektronische Literatur<\/em><\/strong><br><em>MeGeMIT newsletter<\/em><br><em>MeGeMIT Fallbeschreibungen<br><\/em><strong>Veranstaltungen<\/strong><em><br><\/em>MeGeMIT Arbeitskreis M\u00fcnchen<br>MeGeMIT Supervision<br>MeGeMIT diverse Tages-Seminare<br><strong>Basis-Ausbildung<\/strong><br>MeGeMIT Seminarreihe \u00fcber 2 Jahre <br>mit Ausnahme der Onkologie<\/p>\n<p><span style=\"color: #808000;\"><strong>INDIBA activ-Therapie<br><\/strong><span style=\"color: #008080;\"><em><strong>Literatur<\/strong><br>Studien und Fachliteratur<\/em><strong><br>Veranstaltungen<br><\/strong>diverse <\/span><\/span><span style=\"color: #008080;\">Seminare <\/span><br><span style=\"color: #008080;\"><strong>Basis-Ausbildung<br><\/strong><\/span>Interviews mit Referenzkunden<strong><br><\/strong>Probephase in eigener Praxis<br>Gr\u00fcndliche Einweisung durch Hersteller<\/p>\n<p>&nbsp;<\/p>\n<p>&nbsp;<\/p>\n<\/div><\/div>\n<\/div><\/div>\n","protected":false},"excerpt":{"rendered":"<p> <a href=\"https:\/\/www.hp-gertraud-schmid.de\/informationen\/weiterbildung\/\" class=\"newsmehr\">weiterlesen &raquo;<\/a><\/p>\n","protected":false},"author":1,"featured_media":0,"comment_status":"closed","ping_status":"closed","sticky":false,"template":"","format":"standard","meta":{"footnotes":""},"categories":[59,57],"tags":[77],"_links":{"self":[{"href":"https:\/\/www.hp-gertraud-schmid.de\/informationen\/wp-json\/wp\/v2\/posts\/244"}],"collection":[{"href":"https:\/\/www.hp-gertraud-schmid.de\/informationen\/wp-json\/wp\/v2\/posts"}],"about":[{"href":"https:\/\/www.hp-gertraud-schmid.de\/informationen\/wp-json\/wp\/v2\/types\/post"}],"author":[{"embeddable":true,"href":"https:\/\/www.hp-gertraud-schmid.de\/informationen\/wp-json\/wp\/v2\/users\/1"}],"replies":[{"embeddable":true,"href":"https:\/\/www.hp-gertraud-schmid.de\/informationen\/wp-json\/wp\/v2\/comments?post=244"}],"version-history":[{"count":31,"href":"https:\/\/www.hp-gertraud-schmid.de\/informationen\/wp-json\/wp\/v2\/posts\/244\/revisions"}],"predecessor-version":[{"id":300,"href":"https:\/\/www.hp-gertraud-schmid.de\/informationen\/wp-json\/wp\/v2\/posts\/244\/revisions\/300"}],"wp:attachment":[{"href":"https:\/\/www.hp-gertraud-schmid.de\/informationen\/wp-json\/wp\/v2\/media?parent=244"}],"wp:term":[{"taxonomy":"category","embeddable":true,"href":"https:\/\/www.hp-gertraud-schmid.de\/informationen\/wp-json\/wp\/v2\/categories?post=244"},{"taxonomy":"post_tag","embeddable":true,"href":"https:\/\/www.hp-gertraud-schmid.de\/informationen\/wp-json\/wp\/v2\/tags?post=244"}],"curies":[{"name":"wp","href":"https:\/\/api.w.org\/{rel}","templated":true}]}}